{"id":913,"date":"2018-05-17T17:05:48","date_gmt":"2018-05-17T17:05:48","guid":{"rendered":"http:\/\/przedszkole74.szczecin.pl\/?p=913"},"modified":"2018-05-17T17:05:55","modified_gmt":"2018-05-17T17:05:55","slug":"wspolpraca-z-uniwersytetem-szczecinskim-w-ramach-projektu-studia-dualne","status":"publish","type":"post","link":"https:\/\/przedszkole74.szczecin.pl\/?p=913","title":{"rendered":"Wsp\u00f3\u0142praca z Uniwersytetem Szczeci\u0144skim w ramach projektu &#8222;Studia dualne&#8221;"},"content":{"rendered":"<h4>Drodzy Rodzice!<\/h4>\n<h4>Z rado\u015bci\u0105 informujemy, \u017ce patronat nad nasz\u0105 plac\u00f3wk\u0105 od d\u0142u\u017cszego czasu obejmuje Wydzia\u0142 Humanistyczny Uniwersytetu Szczeci\u0144skiego. W ramach wieloletniej wsp\u00f3\u0142pracy zapewniamy studentom kierunk\u00f3w pedagogicznych naszego Uniwersytetu odbywanie praktyk studenckich, w trakcie kt\u00f3rych nabywaj\u0105 wiedz\u0119 i umiej\u0119tno\u015bci z zakresu edukacji przedszkolnej pod okiem do\u015bwiadczonej i wykwalifikowanej kadry nauczycielskiej.<\/h4>\n<h4>Z dum\u0105 powiadamiamy r\u00f3wnie\u017c, \u017ce Przedszkole Publiczne nr 74, jako jedno z sze\u015bciu szczeci\u0144skich plac\u00f3wek, zosta\u0142o zaproszone do wsp\u00f3\u0142pracy z Uniwersytetem Szczeci\u0144skim w ramach nowego projektu pn. Projekt Operacyjny Wiedza &#8211; Edukacja &#8211; Rozw\u00f3j, kt\u00f3ry zak\u0142ada efektywne kszta\u0142cenie student\u00f3w. Cieszymy si\u0119, \u017ce ogromny potencja\u0142 naszego przedszkola i jego pracownik\u00f3w pos\u0142u\u017cy kszta\u0142ceniu kolejnych pokole\u0144 wspania\u0142ych nauczycieli wychowania przedszkolnego.<\/h4>\n","protected":false},"excerpt":{"rendered":"<p>Drodzy Rodzice! Z rado\u015bci\u0105 informujemy, \u017ce patronat nad nasz\u0105 plac\u00f3wk\u0105 od d\u0142u\u017cszego czasu obejmuje Wydzia\u0142 Humanistyczny Uniwersytetu Szczeci\u0144skiego. W ramach wieloletniej wsp\u00f3\u0142pracy zapewniamy studentom kierunk\u00f3w pedagogicznych naszego Uniwersytetu odbywanie praktyk studenckich, w trakcie kt\u00f3rych nabywaj\u0105 wiedz\u0119 i umiej\u0119tno\u015bci z zakresu edukacji przedszkolnej pod okiem do\u015bwiadczonej i wykwalifikowanej kadry nauczycielskiej. Z dum\u0105 powiadamiamy r\u00f3wnie\u017c, \u017ce Przedszkole [&hellip;]<\/p>\n","protected":false},"author":2,"featured_media":0,"comment_status":"closed","ping_status":"closed","sticky":false,"template":"","format":"standard","meta":{"_et_pb_use_builder":"","_et_pb_old_content":"","_et_gb_content_width":""},"categories":[1],"tags":[],"_links":{"self":[{"href":"https:\/\/przedszkole74.szczecin.pl\/index.php?rest_route=\/wp\/v2\/posts\/913"}],"collection":[{"href":"https:\/\/przedszkole74.szczecin.pl\/index.php?rest_route=\/wp\/v2\/posts"}],"about":[{"href":"https:\/\/przedszkole74.szczecin.pl\/index.php?rest_route=\/wp\/v2\/types\/post"}],"author":[{"embeddable":true,"href":"https:\/\/przedszkole74.szczecin.pl\/index.php?rest_route=\/wp\/v2\/users\/2"}],"replies":[{"embeddable":true,"href":"https:\/\/przedszkole74.szczecin.pl\/index.php?rest_route=%2Fwp%2Fv2%2Fcomments&post=913"}],"version-history":[{"count":1,"href":"https:\/\/przedszkole74.szczecin.pl\/index.php?rest_route=\/wp\/v2\/posts\/913\/revisions"}],"predecessor-version":[{"id":914,"href":"https:\/\/przedszkole74.szczecin.pl\/index.php?rest_route=\/wp\/v2\/posts\/913\/revisions\/914"}],"wp:attachment":[{"href":"https:\/\/przedszkole74.szczecin.pl\/index.php?rest_route=%2Fwp%2Fv2%2Fmedia&parent=913"}],"wp:term":[{"taxonomy":"category","embeddable":true,"href":"https:\/\/przedszkole74.szczecin.pl\/index.php?rest_route=%2Fwp%2Fv2%2Fcategories&post=913"},{"taxonomy":"post_tag","embeddable":true,"href":"https:\/\/przedszkole74.szczecin.pl\/index.php?rest_route=%2Fwp%2Fv2%2Ftags&post=913"}],"curies":[{"name":"wp","href":"https:\/\/api.w.org\/{rel}","templated":true}]}}