{"id":2129,"date":"2026-09-01T17:35:40","date_gmt":"2026-09-01T17:35:40","guid":{"rendered":"https:\/\/przedszkole74.szczecin.pl\/?p=2129"},"modified":"2026-09-01T17:35:49","modified_gmt":"2026-09-01T17:35:49","slug":"zebrania-z-rodzicami","status":"publish","type":"post","link":"https:\/\/przedszkole74.szczecin.pl\/?p=2129","title":{"rendered":"Zebrania z Rodzicami"},"content":{"rendered":"<h4>Serdecznie zapraszamy Rodzic\u00f3w na zebranie z Rodzicami, kt\u00f3re odb\u0119dzie si\u0119:<\/h4>\n<h4>w grupie MISIACZKI &#8211; 08.09.2026 o godzinie 15.30<\/h4>\n<h4>w grupie S\u0141ONECZKA &#8211; 09.09.2026 o godzinie 15.30<\/h4>\n<h4>w grupie SKRZATY &#8211; 10.09.2026 o godzinie 15.30<\/h4>\n<h4>w grupie PUCHATKI &#8211; 09.09.2026 o godzinie 15.30<\/h4>\n<h4>w grupie WIEWI\u00d3RY &#8211; 09.09.2026 o godzinie 15.30<\/h4>\n<h4>w grupie \u017b\u00d3\u0141WIE &#8211; 10.09.2026 o godzinie 15.30<\/h4>\n<h4>w grupie MOTYLE &#8211; 04.09.2026 o godzinie 15.30<\/h4>\n<h4>w grupie \u017bEGLARZE &#8211; 09.09.2026 o godzinie 15.30<\/h4>\n<h4>w grupie PIRACI &#8211; 10.09.2026 o godzinie 15.30<\/h4>\n<p>&nbsp;<\/p>\n","protected":false},"excerpt":{"rendered":"<p>Serdecznie zapraszamy Rodzic\u00f3w na zebranie z Rodzicami, kt\u00f3re odb\u0119dzie si\u0119: w grupie MISIACZKI &#8211; 08.09.2026 o godzinie 15.30 w grupie S\u0141ONECZKA &#8211; 09.09.2026 o godzinie 15.30 w grupie SKRZATY &#8211; 10.09.2026 o godzinie 15.30 w grupie PUCHATKI &#8211; 09.09.2026 o godzinie 15.30 w grupie WIEWI\u00d3RY &#8211; 09.09.2026 o godzinie 15.30 w grupie \u017b\u00d3\u0141WIE &#8211; 10.09.2026 [&hellip;]<\/p>\n","protected":false},"author":2,"featured_media":0,"comment_status":"closed","ping_status":"closed","sticky":false,"template":"","format":"standard","meta":{"_et_pb_use_builder":"","_et_pb_old_content":"","_et_gb_content_width":""},"categories":[1],"tags":[],"_links":{"self":[{"href":"https:\/\/przedszkole74.szczecin.pl\/index.php?rest_route=\/wp\/v2\/posts\/2129"}],"collection":[{"href":"https:\/\/przedszkole74.szczecin.pl\/index.php?rest_route=\/wp\/v2\/posts"}],"about":[{"href":"https:\/\/przedszkole74.szczecin.pl\/index.php?rest_route=\/wp\/v2\/types\/post"}],"author":[{"embeddable":true,"href":"https:\/\/przedszkole74.szczecin.pl\/index.php?rest_route=\/wp\/v2\/users\/2"}],"replies":[{"embeddable":true,"href":"https:\/\/przedszkole74.szczecin.pl\/index.php?rest_route=%2Fwp%2Fv2%2Fcomments&post=2129"}],"version-history":[{"count":1,"href":"https:\/\/przedszkole74.szczecin.pl\/index.php?rest_route=\/wp\/v2\/posts\/2129\/revisions"}],"predecessor-version":[{"id":2130,"href":"https:\/\/przedszkole74.szczecin.pl\/index.php?rest_route=\/wp\/v2\/posts\/2129\/revisions\/2130"}],"wp:attachment":[{"href":"https:\/\/przedszkole74.szczecin.pl\/index.php?rest_route=%2Fwp%2Fv2%2Fmedia&parent=2129"}],"wp:term":[{"taxonomy":"category","embeddable":true,"href":"https:\/\/przedszkole74.szczecin.pl\/index.php?rest_route=%2Fwp%2Fv2%2Fcategories&post=2129"},{"taxonomy":"post_tag","embeddable":true,"href":"https:\/\/przedszkole74.szczecin.pl\/index.php?rest_route=%2Fwp%2Fv2%2Ftags&post=2129"}],"curies":[{"name":"wp","href":"https:\/\/api.w.org\/{rel}","templated":true}]}}