{"id":2095,"date":"2026-04-28T08:05:47","date_gmt":"2026-04-28T08:05:47","guid":{"rendered":"https:\/\/przedszkole74.szczecin.pl\/?p=2095"},"modified":"2026-04-28T08:09:23","modified_gmt":"2026-04-28T08:09:23","slug":"rozstrzygniecie-konkursu-miedzyprzedszkolnego-jak-moge-dbac-o-przyrode","status":"publish","type":"post","link":"https:\/\/przedszkole74.szczecin.pl\/?p=2095","title":{"rendered":"Rozstrzygni\u0119cie konkursu mi\u0119dzyprzedszkolnego &#8222;Jak mog\u0119 dba\u0107 o przyrod\u0119&#8221;"},"content":{"rendered":"<h4><strong>Og\u0142oszenie wynik\u00f3w konkursu mi\u0119dzyprzedszkolnego \u201eJak mog\u0119 dba\u0107 o przyrod\u0119\u201d<\/strong> \ud83c\udf3f<\/h4>\n<h4>Z ogromn\u0105 rado\u015bci\u0105 informujemy, \u017ce konkurs mi\u0119dzyprzedszkolny pt. \u201eJak mog\u0119 dba\u0107 o<br \/>\nprzyrod\u0119\u201d zosta\u0142 rozstrzygni\u0119ty.<\/h4>\n<h4>Celem konkursu by\u0142o kszta\u0142towanie postaw proekologicznych w\u015br\u00f3d dzieci oraz rozwijanie ich wra\u017cliwo\u015bci na potrzeby \u015brodowiska naturalnego. Do konkursu zg\u0142oszono wiele wspania\u0142ych i kreatywnych prac, kt\u00f3re zachwyci\u0142y jury pomys\u0142owo\u015bci\u0105, estetyk\u0105 oraz zaanga\u017cowaniem uczestnik\u00f3w.<\/h4>\n<h4>\ud83c\udfc6<strong> Laureaci konkursu:<br \/>\n<\/strong><br \/>\n<strong>I miejsce \u2013 Hania G\u0105dek, PP nr 5&#8243;Mangolia&#8221;<\/strong><br \/>\n<strong>II miejsce \u2013 Aleksandra Mica\u0142, PP nr 20<\/strong><br \/>\n<strong>III miejsce \u2013 Gabriela Podres, PP nr 23.<\/strong><\/h4>\n<h4>Serdecznie gratulujemy wszystkim uczestnikom oraz dzi\u0119kujemy nauczycielom za wsparcie dzieci w przygotowaniu prac konkursowych.<\/h4>\n<h4>Celem odebrania nagr\u00f3d oraz dyplom\u00f3w prosz\u0119 kontaktowa\u0107 si\u0119 pod numerem telefonu 798228533.<\/h4>\n<h4>Nagrody b\u0119d\u0105 do odbioru od 5 maja w naszym przedszkolu.<\/h4>\n","protected":false},"excerpt":{"rendered":"<p>Og\u0142oszenie wynik\u00f3w konkursu mi\u0119dzyprzedszkolnego \u201eJak mog\u0119 dba\u0107 o przyrod\u0119\u201d \ud83c\udf3f Z ogromn\u0105 rado\u015bci\u0105 informujemy, \u017ce konkurs mi\u0119dzyprzedszkolny pt. \u201eJak mog\u0119 dba\u0107 o przyrod\u0119\u201d zosta\u0142 rozstrzygni\u0119ty. Celem konkursu by\u0142o kszta\u0142towanie postaw proekologicznych w\u015br\u00f3d dzieci oraz rozwijanie ich wra\u017cliwo\u015bci na potrzeby \u015brodowiska naturalnego. Do konkursu zg\u0142oszono wiele wspania\u0142ych i kreatywnych prac, kt\u00f3re zachwyci\u0142y jury pomys\u0142owo\u015bci\u0105, estetyk\u0105 oraz [&hellip;]<\/p>\n","protected":false},"author":2,"featured_media":0,"comment_status":"closed","ping_status":"closed","sticky":false,"template":"","format":"standard","meta":{"_et_pb_use_builder":"","_et_pb_old_content":"","_et_gb_content_width":""},"categories":[1],"tags":[],"_links":{"self":[{"href":"https:\/\/przedszkole74.szczecin.pl\/index.php?rest_route=\/wp\/v2\/posts\/2095"}],"collection":[{"href":"https:\/\/przedszkole74.szczecin.pl\/index.php?rest_route=\/wp\/v2\/posts"}],"about":[{"href":"https:\/\/przedszkole74.szczecin.pl\/index.php?rest_route=\/wp\/v2\/types\/post"}],"author":[{"embeddable":true,"href":"https:\/\/przedszkole74.szczecin.pl\/index.php?rest_route=\/wp\/v2\/users\/2"}],"replies":[{"embeddable":true,"href":"https:\/\/przedszkole74.szczecin.pl\/index.php?rest_route=%2Fwp%2Fv2%2Fcomments&post=2095"}],"version-history":[{"count":3,"href":"https:\/\/przedszkole74.szczecin.pl\/index.php?rest_route=\/wp\/v2\/posts\/2095\/revisions"}],"predecessor-version":[{"id":2098,"href":"https:\/\/przedszkole74.szczecin.pl\/index.php?rest_route=\/wp\/v2\/posts\/2095\/revisions\/2098"}],"wp:attachment":[{"href":"https:\/\/przedszkole74.szczecin.pl\/index.php?rest_route=%2Fwp%2Fv2%2Fmedia&parent=2095"}],"wp:term":[{"taxonomy":"category","embeddable":true,"href":"https:\/\/przedszkole74.szczecin.pl\/index.php?rest_route=%2Fwp%2Fv2%2Fcategories&post=2095"},{"taxonomy":"post_tag","embeddable":true,"href":"https:\/\/przedszkole74.szczecin.pl\/index.php?rest_route=%2Fwp%2Fv2%2Ftags&post=2095"}],"curies":[{"name":"wp","href":"https:\/\/api.w.org\/{rel}","templated":true}]}}