{"id":1263,"date":"2020-03-16T10:35:26","date_gmt":"2020-03-16T10:35:26","guid":{"rendered":"https:\/\/przedszkole74.szczecin.pl\/?p=1263"},"modified":"2020-03-16T10:35:40","modified_gmt":"2020-03-16T10:35:40","slug":"administrator-danych-osobowych","status":"publish","type":"post","link":"https:\/\/przedszkole74.szczecin.pl\/?p=1263","title":{"rendered":"Administrator danych osobowych"},"content":{"rendered":"<h4>Informujemy, \u017ce Administratorem danych osobowych jest Przedszkole Publiczne Nr 74 w Szczecinie. Szczeg\u00f3\u0142owe informacje dotycz\u0105ce przetwarzania danych osobowych w Przedszkolu Publicznym Nr 74\u00a0 znajduj\u0105 si\u0119 na stronie internetowej pod adresem:www. http:\/\/przedszkole74.szczecin.pl\/.<\/h4>\n","protected":false},"excerpt":{"rendered":"<p>Informujemy, \u017ce Administratorem danych osobowych jest Przedszkole Publiczne Nr 74 w Szczecinie. Szczeg\u00f3\u0142owe informacje dotycz\u0105ce przetwarzania danych osobowych w Przedszkolu Publicznym Nr 74\u00a0 znajduj\u0105 si\u0119 na stronie internetowej pod adresem:www. http:\/\/przedszkole74.szczecin.pl\/.<\/p>\n","protected":false},"author":2,"featured_media":0,"comment_status":"closed","ping_status":"closed","sticky":false,"template":"","format":"standard","meta":{"_et_pb_use_builder":"","_et_pb_old_content":"","_et_gb_content_width":""},"categories":[1],"tags":[],"_links":{"self":[{"href":"https:\/\/przedszkole74.szczecin.pl\/index.php?rest_route=\/wp\/v2\/posts\/1263"}],"collection":[{"href":"https:\/\/przedszkole74.szczecin.pl\/index.php?rest_route=\/wp\/v2\/posts"}],"about":[{"href":"https:\/\/przedszkole74.szczecin.pl\/index.php?rest_route=\/wp\/v2\/types\/post"}],"author":[{"embeddable":true,"href":"https:\/\/przedszkole74.szczecin.pl\/index.php?rest_route=\/wp\/v2\/users\/2"}],"replies":[{"embeddable":true,"href":"https:\/\/przedszkole74.szczecin.pl\/index.php?rest_route=%2Fwp%2Fv2%2Fcomments&post=1263"}],"version-history":[{"count":1,"href":"https:\/\/przedszkole74.szczecin.pl\/index.php?rest_route=\/wp\/v2\/posts\/1263\/revisions"}],"predecessor-version":[{"id":1264,"href":"https:\/\/przedszkole74.szczecin.pl\/index.php?rest_route=\/wp\/v2\/posts\/1263\/revisions\/1264"}],"wp:attachment":[{"href":"https:\/\/przedszkole74.szczecin.pl\/index.php?rest_route=%2Fwp%2Fv2%2Fmedia&parent=1263"}],"wp:term":[{"taxonomy":"category","embeddable":true,"href":"https:\/\/przedszkole74.szczecin.pl\/index.php?rest_route=%2Fwp%2Fv2%2Fcategories&post=1263"},{"taxonomy":"post_tag","embeddable":true,"href":"https:\/\/przedszkole74.szczecin.pl\/index.php?rest_route=%2Fwp%2Fv2%2Ftags&post=1263"}],"curies":[{"name":"wp","href":"https:\/\/api.w.org\/{rel}","templated":true}]}}